{"id":13,"date":"2023-05-13T21:17:22","date_gmt":"2023-05-13T13:17:22","guid":{"rendered":"http:\/\/www.lxelectriccars.com\/?p=13"},"modified":"2023-08-27T17:51:51","modified_gmt":"2023-08-27T09:51:51","slug":"hogyan-valasszuk-ki-az-elektromos-autokat","status":"publish","type":"post","link":"https:\/\/www.lxelectriccars.com\/hu\/hogyan-valasszuk-ki-az-elektromos-autokat\/","title":{"rendered":"Hogyan v\u00e1lasszuk ki az elektromos aut\u00f3kat"},"content":{"rendered":"<p>A megfelel\u0151 aut\u00f3 kiv\u00e1laszt\u00e1sa neh\u00e9z d\u00f6nt\u00e9s lehet. Az elektromos aut\u00f3k hat\u00e9konys\u00e1got, sz\u00f3rakoztat\u00f3 vezet\u00e9si \u00e9lm\u00e9nyt \u00e9s k\u00fcl\u00f6nb\u00f6z\u0151 k\u00f6rnyezetv\u00e9delmi el\u0151ny\u00f6ket k\u00edn\u00e1lnak, amelyeket nem szabad elvetni. az elektromos j\u00e1rm\u0171veket haszn\u00e1l\u00f3k mind az \u00fczemanyag-, mind a karbantart\u00e1si k\u00f6lts\u00e9geken is sp\u00f3rolnak, ami bizonyos j\u00f6vedelmi kateg\u00f3ri\u00e1kban ak\u00e1r nagyobb is lehet. Ez\u00e9rt egyre t\u00f6bben d\u00f6ntenek \u00fagy, hogy teljesen lemondanak a benzines aut\u00f3k vezet\u00e9s\u00e9r\u0151l.<\/p>\n<h2>K\u00f6lts\u00e9gek<\/h2>\n<p>A Tesla \u00faj profitrekordokat \u00e1ll\u00edt fel, a General Motors jelent\u0151s l\u00e9p\u00e9seket tesz, a Volkswagen pedig minden ig\u00e9nyre szabott elektromos SUV-kat \u00e9s szed\u00e1nokat k\u00edn\u00e1l, \u00edgy egyre t\u00f6bb aut\u00f3s fordul az elektromos aut\u00f3k fel\u00e9, mint k\u00f6zleked\u00e9si lehet\u0151s\u00e9g fel\u00e9. Az elektromos aut\u00f3 kiv\u00e1laszt\u00e1sa azonban nem egyszer\u0171 d\u00f6nt\u00e9s: az \u00e1r, a hat\u00f3t\u00e1vols\u00e1g \u00e9s egy\u00e9b szempontok mind-mind fontos szerepet j\u00e1tszanak.<\/p>\n<p>T\u00f6rekv\u00e9seink r\u00e9szek\u00e9nt \u00f6ssze\u00e1ll\u00edtottuk ezt a praktikus \u00fatmutat\u00f3t a n\u00e9pszer\u0171 modellekr\u0151l \u00e9s azok becs\u00fclt k\u00f6lts\u00e9geir\u0151l, valamint hasznos tan\u00e1csokat adunk az elektromos j\u00e1rm\u0171vek megv\u00e1s\u00e1rl\u00e1s\u00e1val kapcsolatban, p\u00e9ld\u00e1ul nem szabad elfelejteni, hogy a matric\u00e1s \u00e1ron t\u00falmen\u0151en figyelembe kell venni az \u00e1llami, sz\u00f6vets\u00e9gi \u00e9s helyi \u00f6szt\u00f6nz\u0151ket, valamint a potenci\u00e1lisan olcs\u00f3bb l\u00edzingd\u00edjakat.<\/p>\n<p>Ne feledje, hogy b\u00e1r az elektromos aut\u00f3k \u00fczemeltet\u00e9si k\u00f6lts\u00e9gei alacsonyabbak, mint a g\u00e1z\u00fczem\u0171 j\u00e1rm\u0171vek\u00e9, karbantart\u00e1st ig\u00e9nyelnek. Alapos kutat\u00e1ssal kiv\u00e1l\u00f3 aj\u00e1nlatot tal\u00e1lhat egy EV-re, amellyel hossz\u00fa t\u00e1von p\u00e9nzt takar\u00edthat meg.<\/p>\n<p>M\u00e9g a magasabb kezdeti k\u00f6lts\u00e9gek mellett is a legt\u00f6bb elektromos aut\u00f3 tulajdonosa \u00e9ves szinten t\u00f6bb mint $632 megtakar\u00edt\u00e1sr\u00f3l sz\u00e1mol be a hagyom\u00e1nyos benzin\u00fczem\u0171 aut\u00f3k \u00fczemeltet\u00e9si k\u00f6lts\u00e9geivel \u00f6sszehasonl\u00edtva. \u00c9s mivel a nyilv\u00e1nos t\u00f6lt\u0151h\u00e1l\u00f3zatok vil\u00e1gszerte gyorsan el\u00e9rhet\u0151v\u00e9 v\u00e1lnak, a kezdeti k\u00f6lts\u00e9gek id\u0151vel tov\u00e1bb cs\u00f6kkenhetnek.<\/p>\n<p>Az elektromos aut\u00f3modellek k\u00f6z\u00f6tti \u00f6sszehasonl\u00edt\u00e1sok r\u00e9szek\u00e9nt mindenk\u00e9ppen vegye figyelembe, hogy egy villanyszerel\u0151 mennyit sz\u00e1m\u00edtana fel egy 2. szint\u0171 otthoni t\u00f6lt\u0151 telep\u00edt\u00e9s\u00e9\u00e9rt. Ez a gyorsabb technol\u00f3gia 240 voltos konnektorokat ig\u00e9nyel, \u00e9s \u00f3r\u00e1k alatt k\u00e9pes gyorsan felt\u00f6lteni egy EV-t.<\/p>\n<p>Egy m\u00e1sik t\u00e9nyez\u0151 az, hogy milyen messzire utazik naponta; egy elektromos j\u00e1rm\u0171 nem biztos, hogy ide\u00e1lis, ha hetente t\u00f6bb sz\u00e1z m\u00e9rf\u00f6ldet utazik, m\u00edg ha a vezet\u00e9s t\u00f6bbnyire v\u00e1rosi k\u00f6rnyezetben t\u00f6rt\u00e9nik, ahol a k\u00f6zelben vannak k\u00f6nny\u0171 t\u00f6lt\u0151pontok vagy nyilv\u00e1nos t\u00f6lt\u0151\u00e1llom\u00e1sok, akkor lehet \u00e9rtelme. Ha azonban gyakran utazik a v\u00e1roson k\u00edv\u00fclre vagy t\u00e1voli helyekre, akkor val\u00f3sz\u00edn\u0171leg egy hibrid vagy benzin\u00fczem\u0171 j\u00e1rm\u0171nek van t\u00f6bb \u00e9rtelme.<\/p>\n<h2>Tartom\u00e1ny<\/h2>\n<p>Amikor elektromos aut\u00f3 v\u00e1s\u00e1rl\u00e1s\u00e1t fontolgatja, az egyik legfontosabb szempont, amit szem el\u0151tt kell tartani, a hat\u00f3t\u00e1vols\u00e1g. Az \u00faj EV-modellek ma m\u00e1r gyakran b\u00fcszk\u00e9lkedhetnek t\u00f6bb mint 100 m\u00e9rf\u00f6ldes becs\u00fclt hat\u00f3t\u00e1vols\u00e1ggal, ami a hagyom\u00e1nyos \u00fczemanyaggal m\u0171k\u00f6d\u0151 aut\u00f3k \u00e9letk\u00e9pes alternat\u00edv\u00e1j\u00e1v\u00e1 teszi \u0151ket abban a tekintetben, hogy A pontb\u00f3l B-be eljuttatj\u00e1k \u00d6nt an\u00e9lk\u00fcl, hogy \u00fatk\u00f6zben \u00fajrat\u00f6lt\u00e9sre lenne sz\u00fcks\u00e9ge.<\/p>\n<p>Att\u00f3l f\u00fcgg\u0151en, hogy melyik m\u00e1rk\u00e1t v\u00e1lasztja, tov\u00e1bbi el\u0151ny\u00f6kkel k\u00f6nny\u00edtheti meg a v\u00e1lt\u00e1st. Ezek k\u00f6z\u00e9 tartozhat egy ingyenes fali doboz az otthoni t\u00f6lt\u0151\u00e1llom\u00e1sokhoz vagy k\u00fcl\u00f6nleges hozz\u00e1f\u00e9r\u00e9s a nyilv\u00e1nos t\u00f6lt\u0151h\u00e1l\u00f3zatokhoz. Egyes esetekben a gy\u00e1rt\u00f3k online tulajdonosi k\u00f6z\u00f6ss\u00e9geket is biztos\u00edtanak, ahol az EV-vezet\u0151k \u0151szinte v\u00e9lem\u00e9nyeket osztanak meg a modelljeik vezet\u00e9s\u00e9r\u0151l, \u00e9s megosztj\u00e1k a t\u00f6bbi EV-tulajdonos tippjeit a tulajdonosi tapasztalatokr\u00f3l.<\/p>\n<p>Ne feledje, hogy vezet\u00e9si szok\u00e1sai hat\u00e1ssal lesznek az EV hat\u00f3t\u00e1vols\u00e1g\u00e1ra. Azok a k\u00edm\u00e9letes vezet\u0151k, akik lassan haladnak, sokkal t\u00f6bb kilom\u00e9tert fognak megtenni az akkumul\u00e1torral, mint azok, akik minden alkalommal, amikor \u00fatra kelnek, kem\u00e9nyebben hajtanak. A l\u00e9gkondicion\u00e1l\u00f3 m\u0171k\u00f6dtet\u00e9se szint\u00e9n jelent\u0151sen cs\u00f6kkentheti a hat\u00f3t\u00e1vols\u00e1got. Az EV j\u00e1rm\u0171 kiv\u00e1laszt\u00e1sakor tartsa szem el\u0151tt ezt a t\u00e9nyez\u0151t!<\/p>\n<p>A piacon kaphat\u00f3 legjobb elektromos aut\u00f3k nem csak kiv\u00e9teles hat\u00f3t\u00e1vols\u00e1ggal b\u00fcszk\u00e9lkedhetnek, de \u00fagy tervezt\u00e9k \u0151ket, hogy izgalmas \u00e9s kifinomult vezet\u00e9si \u00e9lm\u00e9nyt ny\u00fajtsanak. Azonnali nyomat\u00e9kkal b\u00fcszk\u00e9lkedve olyan gyorsan gyorsulnak \u00e1ll\u00f3 helyzetb\u0151l, mint a sportaut\u00f3k - nem is besz\u00e9lve arr\u00f3l, hogy sim\u00e1bb vezetni \u0151ket, mint benzines vagy d\u00edzel t\u00e1rsaikat!<\/p>\n<p>Egyre t\u00f6bben v\u00e1ltanak elektromos aut\u00f3ra, amely hat\u00e9kony \u00e9s k\u00f6lts\u00e9gcs\u00f6kkent\u0151 eszk\u00f6z a k\u00e1rosanyag-kibocs\u00e1t\u00e1s cs\u00f6kkent\u00e9s\u00e9re, \u00e9s amelynek hat\u00f3t\u00e1vols\u00e1ga a technol\u00f3gia fejl\u0151d\u00e9s\u00e9vel folyamatosan b\u0151v\u00fcl. Ha m\u00e9g mindig bizonytalan, b\u00e9reljen egyet egy h\u00e9tre, miel\u0151tt v\u00e9gleges d\u00f6nt\u00e9st hozna.<\/p>\n<h2>Technol\u00f3gia<\/h2>\n<p>Az elektromos aut\u00f3k a legmodernebb technol\u00f3gi\u00e1ra t\u00e1maszkodnak az alacsony k\u00e1rosanyag-kibocs\u00e1t\u00e1s \u00e9s a fokozott hat\u00e9konys\u00e1g el\u00e9r\u00e9se \u00e9rdek\u00e9ben, k\u00fcl\u00f6n\u00f6sen a plug-in hibrid hajt\u00e1sl\u00e1ncokkal felszerelt j\u00e1rm\u0171vek eset\u00e9ben, amelyek az elektromos aut\u00f3k akkumul\u00e1tor\u00e1t motorral kombin\u00e1lj\u00e1k, hogy n\u00f6velj\u00e9k a teljes\u00edtm\u00e9nyt, mik\u00f6zben sz\u00fcks\u00e9g eset\u00e9n cs\u00f6kkentik a k\u00e1rosanyag-kibocs\u00e1t\u00e1st.<\/p>\n<p>Az elektromos j\u00e1rm\u0171 (EV) v\u00e1s\u00e1rl\u00e1sa megterhel\u0151 lehet; van ez a hasznos \u00fatmutat\u00f3, hogy a folyamatot egyszer\u0171bb\u00e9 tegy\u00fck az \u00d6n sz\u00e1m\u00e1ra!<\/p>\n<p>Az elektromos j\u00e1rm\u0171 (EV) v\u00e1s\u00e1rl\u00e1sakor az egyik legfontosabb szempont az, hogy hogyan fogj\u00e1k haszn\u00e1lni. Els\u0151sorban egy szem\u00e9ly fogja vezetni, vagy gyakran lesz sz\u00fcks\u00e9g utasok vagy nagyobb t\u00e1rgyak sz\u00e1ll\u00edt\u00e1s\u00e1ra? Az \u00d6n vezet\u00e9si st\u00edlusa \u00e9s ig\u00e9nyei k\u00f6zvetlen\u00fcl befoly\u00e1solj\u00e1k az EV-v\u00e1s\u00e1rl\u00e1ssal szemben t\u00e1masztott m\u00e9ret- \u00e9s hat\u00f3t\u00e1vols\u00e1gi k\u00f6vetelm\u00e9nyeket.<\/p>\n<p>Az egyik t\u00e9nyez\u0151, amit EV v\u00e1s\u00e1rl\u00e1sakor szem el\u0151tt kell tartania, az az, hogy a t\u00e1gas csomagtart\u00f3 elengedhetetlen-e vagy sem. B\u00e1r a legt\u00f6bb EV kisebb csomagtart\u00f3t k\u00edn\u00e1l, mint benzin\u00fczem\u0171 t\u00e1rsaik, ha gyakran kell nagy rakom\u00e1nyt vagy felszerel\u00e9st sz\u00e1ll\u00edtani, \u00e9rdemes lehet nagyobb m\u00e9retekkel rendelkez\u0151 j\u00e1rm\u0171vet v\u00e1lasztani.<\/p>\n<p>A v\u00e9gs\u0151 megfontol\u00e1snak tartalmaznia kell, hogy milyen speci\u00e1lis funkci\u00f3kat szeretne. Sok elektromos aut\u00f3 automatikus f\u00e9krendszerrel van felszerelve, amely dr\u00e1maian cs\u00f6kkentheti a baleset vagy s\u00e9r\u00fcl\u00e9s kock\u00e1zat\u00e1t, m\u00e1sok pedig regenerat\u00edv f\u00e9kez\u00e9ssel rendelkeznek - a lass\u00edt\u00e1s k\u00f6zben elveszett energia \u00f6sszegy\u0171jt\u00e9se \u00e9s \u00e1tir\u00e1ny\u00edt\u00e1sa az akkumul\u00e1tor felt\u00f6lt\u00e9s\u00e9re.<\/p>\n<p>Ha mindezeket a t\u00e9nyez\u0151ket figyelembe vette, ideje \u00f6sszehasonl\u00edtani a lehet\u0151s\u00e9geket. Mivel az elektromos j\u00e1rm\u0171vek piaca olyan gyorsan n\u00f6vekszik, ma m\u00e1r minden eddigin\u00e9l t\u00f6bb modell \u00e1ll rendelkez\u00e9sre - a luxus EV-ket a csal\u00e1dbar\u00e1t SUV-kig -, biztosan minden vezet\u0151 sz\u00e1m\u00e1ra van valami megfelel\u0151.<\/p>\n<p>Az ak\u00e1r 250 m\u00e9rf\u00f6ldes hat\u00f3t\u00e1vols\u00e1got k\u00edn\u00e1l\u00f3 \u00faj modellekkel az EV-k minden eddigin\u00e9l praktikusabb\u00e1 v\u00e1lnak. Sok j\u00e1rm\u0171vezet\u0151 \u00fagy d\u00f6nt, hogy az EV-t v\u00e1lasztja els\u0151dleges j\u00e1rm\u0171v\u00e9nek, m\u00edg a hosszabb utakra tartal\u00e9kk\u00e9nt egy benzin\u00fczem\u0171 aut\u00f3t tart. R\u00e1ad\u00e1sul mivel az EV \u00fczemeltet\u00e9s\u00e9hez nincs sz\u00fcks\u00e9g k\u00fcl\u00f6n enged\u00e9lyre, a v\u00e1lt\u00e1s egyszer\u0171bb, mint valaha - csak v\u00e1s\u00e1rl\u00e1s el\u0151tt gy\u0151z\u0151dj\u00f6n meg r\u00f3la, hogy a helyi t\u00f6lt\u0151infrastrukt\u00fara t\u00e1mogatja-e a v\u00e1lt\u00e1st.<\/p>\n<h2>Biztons\u00e1g<\/h2>\n<p>Az elektromos aut\u00f3k egyre n\u00e9pszer\u0171bbek alacsonyabb \u00fczemeltet\u00e9si k\u00f6lts\u00e9geik, jobb teljes\u00edtm\u00e9ny\u00fck \u00e9s k\u00f6rnyezetv\u00e9delmi el\u0151nyeik miatt; sok j\u00e1rm\u0171vezet\u0151 azonban tov\u00e1bbra is agg\u00f3dik a biztons\u00e1guk miatt. Fontos szem el\u0151tt tartani, hogy az elektromos aut\u00f3k vezet\u00e9se sor\u00e1n ugyan\u00fagy az \u00f6sszes vonatkoz\u00f3 biztons\u00e1gi el\u0151\u00edr\u00e1s hat\u00e1lya al\u00e1 tartozik, mint b\u00e1rmely m\u00e1s, az utakon k\u00f6zleked\u0151 aut\u00f3\u00e9.<\/p>\n<p>A legt\u00f6bb gy\u00e1rt\u00f3 szorgalmasan dolgozott azon, hogy az EV-ket a lehet\u0151 legbiztons\u00e1gosabb\u00e1 tegye, szigor\u00fa tervez\u00e9si el\u0151\u00edr\u00e1sokat tartva be, \u00e9s kihaszn\u00e1lva az Euro NCAP tesztel\u00e9s el\u0151nyeit - az aut\u00f3k biztons\u00e1gi tesztel\u00e9s\u00e9nek arany standardja -, amely gyakrabban \u00e9r el \u00f6tcsillagos eredm\u00e9nyeket, mint a benzin\u00fczem\u0171 aut\u00f3k.<\/p>\n<p>Az elektromos aut\u00f3k v\u00e1s\u00e1rl\u00f3inak egyik f\u0151 aggodalma az akkumul\u00e1torok t\u0171zvesz\u00e9lye, de a legt\u00f6bb gy\u00e1rt\u00f3 l\u00e9p\u00e9seket tett ennek minimaliz\u00e1l\u00e1s\u00e1ra. Az akkumul\u00e1torokat a t\u00fczek megel\u0151z\u00e9s\u00e9re tervezett v\u00e9d\u0151burkolattal l\u00e1tt\u00e1k el, \u00e9s t\u0171zfalakkal tov\u00e1bb osztott\u00e1k \u0151ket, hogy elker\u00fclj\u00e9k a cell\u00e1k k\u00f6z\u00f6tti \u00e1tfed\u00e9seket; fejlettebb elektrolitokat fejlesztettek ki, amelyek kev\u00e9sb\u00e9 gy\u00fal\u00e9konyak, ugyanakkor kev\u00e9sb\u00e9 k\u00e1ros vegyi anyagokat bocs\u00e1tanak ki; tov\u00e1bb\u00e1 az elektromos j\u00e1rm\u0171vek akkumul\u00e1torai \u00e1ltal\u00e1ban k\u00f6z\u00e9pen helyezkednek el, ahol kev\u00e9s hely van a l\u00e1ngok oldalr\u00f3l oldalra t\u00f6rt\u00e9n\u0151 terjed\u00e9s\u00e9re.<\/p>\n<p>Az elektromos aut\u00f3k m\u00e1sik h\u00e1tr\u00e1nya a csendess\u00e9g\u00fck, ami vesz\u00e9lyt jelent a gyalogosokra \u00e9s a t\u00f6bbi k\u00f6zleked\u0151re. E probl\u00e9ma enyh\u00edt\u00e9se \u00e9rdek\u00e9ben egyes gy\u00e1rt\u00f3k lehet\u0151v\u00e9 teszik a felhaszn\u00e1l\u00f3k sz\u00e1m\u00e1ra, hogy a regenerat\u00edv f\u00e9kez\u00e9s m\u00e9rt\u00e9k\u00e9t nagyobb vagy kisebb zajszintre \u00e1ll\u00edts\u00e1k be; egyesek m\u00e9g olyan be\u00e1ll\u00edt\u00e1sokat is lehet\u0151v\u00e9 tesznek, amelyek ezt a funkci\u00f3t csendesebb\u00e9 vagy hangosabb\u00e1 tehetik az \u00d6n preferenci\u00e1it\u00f3l f\u00fcgg\u0151en.<\/p>\n<p>Ha elektromos j\u00e1rm\u0171 (EV) v\u00e1s\u00e1rl\u00e1s\u00e1t fontolgatja, elengedhetetlen, hogy el\u0151sz\u00f6r az \u00d6n ig\u00e9nyeit \u00e9s \u00e9letm\u00f3dj\u00e1t vegye figyelembe. Ha viszonylag r\u00f6vid az ing\u00e1z\u00e1sa, egy EV ide\u00e1lis lehet; hosszabb t\u00e1v\u00fa vezet\u00e9si ig\u00e9nyek eset\u00e9n tervezzen el\u0151re a nyilv\u00e1nos t\u00f6lt\u0151\u00e1llom\u00e1sok ig\u00e9nybev\u00e9tel\u00e9vel; hideg \u00e9ghajlaton pr\u00f3b\u00e1ljon meg nem bekapcsolt f\u0171t\u00e9ssel vezetni, mivel ez gyorsabban lemer\u00edti az akkumul\u00e1tort.<\/p>","protected":false},"excerpt":{"rendered":"<p>Selecting the appropriate car can be a difficult decision. Electric Cars offer efficiency, fun driving experience and various environmental benefits that should not be discounted.People pursuing electric vehicles also save on both fuel and maintenance costs, which may even be greater for people in certain income brackets. That is why more people are opting out&hellip;&nbsp;<a href=\"https:\/\/www.lxelectriccars.com\/hu\/hogyan-valasszuk-ki-az-elektromos-autokat\/\" class=\"\" rel=\"bookmark\">Read More &raquo;<span class=\"screen-reader-text\">Hogyan v\u00e1lasszuk ki az elektromos aut\u00f3kat<\/span><\/a><\/p>","protected":false},"author":1,"featured_media":0,"comment_status":"open","ping_status":"open","sticky":false,"template":"","format":"standard","meta":{"_seopress_robots_primary_cat":"none","neve_meta_sidebar":"","neve_meta_container":"","neve_meta_enable_content_width":"","neve_meta_content_width":0,"neve_meta_title_alignment":"","neve_meta_author_avatar":"","neve_post_elements_order":"","neve_meta_disable_header":"","neve_meta_disable_footer":"","neve_meta_disable_title":"","ngg_post_thumbnail":0,"footnotes":""},"categories":[70],"tags":[],"class_list":["post-13","post","type-post","status-publish","format-standard","hentry","category-product-related"],"_links":{"self":[{"href":"https:\/\/www.lxelectriccars.com\/hu\/wp-json\/wp\/v2\/posts\/13","targetHints":{"allow":["GET"]}}],"collection":[{"href":"https:\/\/www.lxelectriccars.com\/hu\/wp-json\/wp\/v2\/posts"}],"about":[{"href":"https:\/\/www.lxelectriccars.com\/hu\/wp-json\/wp\/v2\/types\/post"}],"author":[{"embeddable":true,"href":"https:\/\/www.lxelectriccars.com\/hu\/wp-json\/wp\/v2\/users\/1"}],"replies":[{"embeddable":true,"href":"https:\/\/www.lxelectriccars.com\/hu\/wp-json\/wp\/v2\/comments?post=13"}],"version-history":[{"count":4,"href":"https:\/\/www.lxelectriccars.com\/hu\/wp-json\/wp\/v2\/posts\/13\/revisions"}],"predecessor-version":[{"id":202,"href":"https:\/\/www.lxelectriccars.com\/hu\/wp-json\/wp\/v2\/posts\/13\/revisions\/202"}],"wp:attachment":[{"href":"https:\/\/www.lxelectriccars.com\/hu\/wp-json\/wp\/v2\/media?parent=13"}],"wp:term":[{"taxonomy":"category","embeddable":true,"href":"https:\/\/www.lxelectriccars.com\/hu\/wp-json\/wp\/v2\/categories?post=13"},{"taxonomy":"post_tag","embeddable":true,"href":"https:\/\/www.lxelectriccars.com\/hu\/wp-json\/wp\/v2\/tags?post=13"}],"curies":[{"name":"wp","href":"https:\/\/api.w.org\/{rel}","templated":true}]}}