{"id":21,"date":"2023-05-24T22:49:47","date_gmt":"2023-05-24T14:49:47","guid":{"rendered":"http:\/\/www.lxelectriccars.com\/?p=21"},"modified":"2023-08-27T17:48:30","modified_gmt":"2023-08-27T09:48:30","slug":"az-elektromos-jarmuvek-toltoinek-szintjei","status":"publish","type":"post","link":"https:\/\/www.lxelectriccars.com\/hu\/az-elektromos-jarmuvek-toltoinek-szintjei\/","title":{"rendered":"Elektromos j\u00e1rm\u0171t\u00f6lt\u0151k szintjei"},"content":{"rendered":"<p>A telefon t\u00f6lt\u00e9s\u00e9hez hasonl\u00f3an az elektromos j\u00e1rm\u0171vek t\u00f6lt\u00e9s\u00e9re is k\u00fcl\u00f6nb\u00f6z\u0151 m\u00f3dszerek \u00e1llnak rendelkez\u00e9sre.1<\/p>\n<p>A t\u00f6lt\u0151 kimeneti teljes\u00edtm\u00e9nye szerves szerepet j\u00e1tszik a t\u00f6lt\u00e9si id\u0151kben.<\/p>\n<p>Egyes j\u00e1rm\u0171vezet\u0151k otthoni t\u00f6lt\u0151ket telep\u00edtenek, hogy \u00e9jszaka vagy munka k\u00f6zben is csatlakoztathass\u00e1k az EV-t. M\u00e1sok nyilv\u00e1nos EV-t\u00f6lt\u0151\u00e1llom\u00e1sokat haszn\u00e1lnak.<\/p>\n<h2>1. szint<\/h2>\n<p>Az elektromos j\u00e1rm\u0171vek t\u00f6lt\u00e9si szintjei h\u00e1rom szintre oszthat\u00f3k: Az 1., 2. \u00e9s 3. szint (amelyet DC gyorst\u00f6lt\u00e9snek vagy Tesla szupert\u00f6lt\u00e9snek is neveznek). Az 1-es szint\u0171 t\u00f6lt\u0151 egy olyan dug\u00f3val rendelkezik, amely hasonl\u00f3an n\u00e9z ki, mint a legt\u00f6bb h\u00e1ztart\u00e1sban tal\u00e1lhat\u00f3 h\u00e1l\u00f3zati k\u00e1bel; a m\u00e1sik v\u00e9ge k\u00f6zvetlen\u00fcl az EV t\u00f6lt\u0151portj\u00e1hoz csatlakozik - ezeket a t\u00f6lt\u0151ket az EV-vezet\u0151k \u00e1ltal\u00e1ban otthon, a munkahelyen vagy nyilv\u00e1nos helyeken t\u00f6rt\u00e9n\u0151 t\u00f6lt\u00e9shez haszn\u00e1lj\u00e1k.<\/p>\n<p>Az 1. szint\u0171 t\u00f6lt\u0151k 120 voltos fesz\u00fclts\u00e9gen m\u0171k\u00f6dnek, \u00edgy kompatibilisek sz\u00e1mos megl\u00e9v\u0151 lakoss\u00e1gi \u00e1ramk\u00f6rrel. K\u00f6nnyed\u00e9n telep\u00edthet egyet a gar\u00e1zsokba, aut\u00f3be\u00e1ll\u00f3kba \u00e9s lak\u00f3parkok, t\u00e1rsash\u00e1zak vagy munkahelyek parkol\u00f3iba; emellett m\u00e9g rep\u00fcl\u0151tereken, sz\u00e1llod\u00e1kban, \u00e9ttermekben vagy bev\u00e1s\u00e1rl\u00f3k\u00f6zpontokban is k\u00edn\u00e1lnak ilyet!<\/p>\n<p>Az 1. szint\u0171 t\u00f6lt\u0151k \u00e1ltal\u00e1ban \u00f3r\u00e1nk\u00e9nt k\u00f6r\u00fclbel\u00fcl \u00f6t m\u00e9rf\u00f6lddel n\u00f6velik az EV hat\u00f3t\u00e1vols\u00e1g\u00e1t, ami elegend\u0151 a legt\u00f6bb ing\u00e1z\u00f3nak vagy az EV-vel t\u00f6rt\u00e9n\u0151 \u00fcgyint\u00e9z\u00e9shez, de nem biztos, hogy el\u00e9g gyors t\u00f6lt\u00e9si sebess\u00e9get biztos\u00edt a hosszabb ing\u00e1z\u00e1shoz.<\/p>\n<p>Az 1. szint\u0171 t\u00f6lt\u0151\u00e1llom\u00e1soknak azonban vannak h\u00e1tr\u00e1nyai is; a legt\u00f6bb elektromos j\u00e1rm\u0171 vezet\u0151je csak akkor v\u00e1lasztja \u0151ket, ha rendelkez\u00e9sre \u00e1llnak \u00e9s az id\u0151 engedi. Ezek lass\u00faak, k\u00f6lts\u00e9gesek \u00e9s t\u00f6bb mint 24 \u00f3r\u00e1t vesznek ig\u00e9nybe a teljes felt\u00f6lt\u00e9sig - ami azt jelenti, hogy a legt\u00f6bben a 2. szint\u0171 t\u00f6lt\u0151pontokat v\u00e1lasztj\u00e1k, ha lehets\u00e9ges.<\/p>\n<p>Az 1. szint\u0171 t\u00f6lt\u0151k egyik f\u0151 korl\u00e1tja a h\u00e1l\u00f3zati k\u00e9pess\u00e9gek hi\u00e1nya; a j\u00e1rm\u0171vezet\u0151k nem tal\u00e1lj\u00e1k meg \u0151ket egy alkalmaz\u00e1son kereszt\u00fcl, \u00e9s nem \u00e9lveznek annyi lehet\u0151s\u00e9get, mint a h\u00e1l\u00f3zatba kapcsolt 2. szint\u0171 t\u00f6lt\u0151k.<\/p>\n<p>Mindk\u00e9t k\u00e9rd\u00e9sre l\u00e9tezik megold\u00e1s: A 2. szint\u0171 elektromos j\u00e1rm\u0171t\u00f6lt\u0151k egyre elterjedtebbek a lak\u00f3- \u00e9s munkahelyi k\u00f6rnyezetben, \u00e9s sokkal gyorsabbak, mint az 1. szint\u0171 t\u00f6lt\u0151k, jellemz\u0151en 208-240 voltos v\u00e1lt\u00f3\u00e1ram\u00fa konnektorokb\u00f3l m\u0171k\u00f6dnek \u00c9szak-Amerik\u00e1ban \u00e9s 230\/400 voltos v\u00e1lt\u00f3\u00e1ram\u00fa konnektorokb\u00f3l Eur\u00f3p\u00e1ban. Egyesek m\u00e9g fejlett kommunik\u00e1ci\u00f3s funkci\u00f3kkal is rendelkeznek, p\u00e9ld\u00e1ul hozz\u00e1f\u00e9r\u00e9s-szab\u00e1lyoz\u00e1ssal, \u00e9rt\u00e9kes\u00edt\u00e9si ponttal, terhel\u00e9skiegyenl\u00edt\u00e9ssel \u00e9s energiafigyel\u00e9ssel, ami ezeket az egys\u00e9geket kiv\u00e1l\u00f3 megold\u00e1ss\u00e1 teszi t\u00f6bblak\u00e1sos lak\u00f3\u00e9p\u00fcletek \u00e9s t\u00f6bb felhaszn\u00e1l\u00f3val rendelkez\u0151 munkahelyek sz\u00e1m\u00e1ra, ahol a t\u00f6lt\u00e9s kezel\u00e9se alapvet\u0151 fontoss\u00e1g\u00fa lehet a hat\u00e9kony m\u0171k\u00f6d\u00e9shez.<\/p>\n<h2>2. szint<\/h2>\n<p>A 2. szint\u0171 elektromos j\u00e1rm\u0171t\u00f6lt\u0151k ak\u00e1r n\u00e9gyszer gyorsabb t\u00f6lt\u00e9st biztos\u00edtanak, mint a lassabb t\u00f6lt\u00e9si m\u00f3dszerek b\u00e1rmelyike, ak\u00e1r 25 m\u00e9rf\u00f6ld\/\u00f3ra sebess\u00e9ggel. Otthon ezeket gyakran gar\u00e1zsokban vagy a kocsibej\u00e1r\u00f3kban l\u00e9v\u0151 parkol\u00f3helyek k\u00f6zel\u00e9ben helyezik el. Az ilyen szint\u0171 m\u0171k\u00f6d\u00e9shez egy k\u00fcl\u00f6n 240 voltos konnektornak kell lennie egy teljesen k\u00fcl\u00f6n \u00e1ramk\u00f6rben (sem az elektromos ruhasz\u00e1r\u00edt\u00f3t, sem a konyhai t\u0171zhelyet nem lehet ezzel a konnektorral m\u0171k\u00f6dtetni); az enged\u00e9llyel rendelkez\u0151 villanyszerel\u0151k a megl\u00e9v\u0151 otthoni \u00e1ramk\u00f6r\u00f6k felhaszn\u00e1l\u00e1s\u00e1val is telep\u00edthetnek egyet, de az optim\u00e1lis teljes\u00edtm\u00e9ny \u00e9rdek\u00e9ben b\u00f6lcsebb lenne egy saj\u00e1t, k\u00fcl\u00f6n megszak\u00edt\u00f3szekr\u00e9ny-\u00e1ramk\u00f6rrel rendelkez\u0151 \u00e1ramk\u00f6r.<\/p>\n<p>Az 1. szint\u0171 t\u00f6lt\u00e9s sor\u00e1n egy EVSE-t vagy elektromos j\u00e1rm\u0171ell\u00e1t\u00f3 berendez\u00e9st csatlakoztatnak egy szabv\u00e1nyos 120 voltos h\u00e1ztart\u00e1si konnektorba. Az EVSE minden plug-in hibrid elektromos j\u00e1rm\u0171ben alapfelszerel\u00e9s, \u00e9s sz\u00e1mos helyzetben, p\u00e9ld\u00e1ul a munkahelyen \u00e9s otthon is haszn\u00e1lhat\u00f3. Az 1. szint\u0171 t\u00f6lt\u0151 \u00e1ltal\u00e1ban k\u00f6r\u00fclbel\u00fcl 3,5-6,5 m\u00e9rf\u00f6ldes hat\u00f3t\u00e1vols\u00e1got biztos\u00edt egy \u00f3ra t\u00f6lt\u00e9senk\u00e9nt, az akkumul\u00e1tor m\u00e9ret\u00e9t\u0151l \u00e9s a t\u00f6lt\u00e9sre ford\u00edtott id\u0151t\u0151l f\u00fcgg\u0151en.<\/p>\n<p>Az elektromos j\u00e1rm\u0171vek (EV) vezet\u0151i sz\u00e1m\u00e1ra, akik nagyobb napi hat\u00f3t\u00e1vols\u00e1gra v\u00e1gynak, vagy teljesen le akarj\u00e1k cs\u00f6kkenteni a benzin fogyaszt\u00e1s\u00e1t, \u00e9rdemes lehet befektetni egy 2. szint\u0171 EV t\u00f6lt\u0151be. B\u00e1r nem minden j\u00e1rm\u0171vezet\u0151 sz\u00e1m\u00e1ra sz\u00fcks\u00e9ges, a beruh\u00e1z\u00e1s cs\u00f6kkentheti a hat\u00f3t\u00e1vols\u00e1ggal kapcsolatos aggodalmakat, mik\u00f6zben seg\u00edthet a logisztikai agg\u00e1lyok kezel\u00e9s\u00e9ben a tiszt\u00e1n elektromos \u00fczemm\u00f3dra val\u00f3 \u00e1tt\u00e9r\u00e9s sor\u00e1n.<\/p>\n<p>A 2. szint\u0171 t\u00f6lt\u0151k abban k\u00fcl\u00f6nb\u00f6znek az 1. szintt\u0151l, hogy 240 voltos rendszert haszn\u00e1lnak, amely nagyobb \u00e1ramot szolg\u00e1ltat az akkumul\u00e1tornak, \u00e1ltal\u00e1ban 80 amperig vagy k\u00f6r\u00fclbel\u00fcl 6,0 kW teljes\u00edtm\u00e9nyig (ez att\u00f3l f\u00fcgg\u0151en v\u00e1ltozhat, hogy az \u00d6n EV-j\u00e9nek fed\u00e9lzeti t\u00f6lt\u0151je hogyan m\u0171k\u00f6dik, ez\u00e9rt a r\u00e9szletek\u00e9rt olvassa el a haszn\u00e1lati \u00fatmutat\u00f3t). Ezek a t\u00f6lt\u00e9sek elegend\u0151 energi\u00e1t biztos\u00edtanak a legt\u00f6bb elektromos aut\u00f3 n\u00e9gy \u00f3r\u00e1n bel\u00fcli felt\u00f6lt\u00e9s\u00e9hez, de nem felt\u00e9tlen\u00fcl el\u00e9g\u00edtik ki az olyan aut\u00f3k t\u00f6lt\u00e9si ig\u00e9nyeit, mint p\u00e9ld\u00e1ul a Tesla Model 3, amelyeknek egy \u00f3r\u00e1n bel\u00fcl t\u00f6bb mint 100 m\u00e9rf\u00f6ldnyi t\u00f6lt\u00e9sre van sz\u00fcks\u00e9g\u00fck.<\/p>\n<p>Az 1. szint\u0171 t\u00e1rsaikhoz hasonl\u00f3an a 2. szint\u0171 t\u00f6lt\u0151k is csatlakoztathat\u00f3k h\u00e1l\u00f3zathoz, \u00e9s egy alkalmaz\u00e1son kereszt\u00fcl kezelhet\u0151k, \u00edgy nagyobb k\u00e9nyelmet biztos\u00edtanak az extra hat\u00f3t\u00e1vols\u00e1got ig\u00e9nyl\u0151 j\u00e1rm\u0171vezet\u0151k sz\u00e1m\u00e1ra. Emellett lehet\u0151v\u00e9 teszik az \u00e1llom\u00e1sok tulajdonosai sz\u00e1m\u00e1ra a haszn\u00e1lati jelent\u00e9sek nyomon k\u00f6vet\u00e9s\u00e9t, hogy megalapozottabb \u00fczleti d\u00f6nt\u00e9seket hozhassanak.<\/p>\n<h2>3. szint<\/h2>\n<p>A 3. szint\u0171 elektromos j\u00e1rm\u0171t\u00f6lt\u0151k gyorsan az EV-t\u00f6lt\u00e9s Speedy Gonzales\u00e9v\u00e9 v\u00e1lnak, \u00edgy minden eddigin\u00e9l k\u00f6nnyebb megtal\u00e1lni \u0151ket a v\u00e1rosban. A 480 V vagy 1000 V fesz\u00fclts\u00e9gen m\u0171k\u00f6d\u0151 3. szint\u0171 t\u00f6lt\u0151k k\u00f6r\u00fclbel\u00fcl ugyanannyi id\u0151 alatt k\u00e9pesek gyorsan m\u00e9rf\u00f6ldeket t\u00f6lteni az EV akkumul\u00e1tor\u00e1ba, mint amennyi id\u0151 alatt egy benzines aut\u00f3 tankol\u00e1sa tartana - p\u00e9ld\u00e1ul az aut\u00f3p\u00e1lya pihen\u0151helyein, bev\u00e1s\u00e1rl\u00f3k\u00f6zpontok parkol\u00f3h\u00e1zaiban \u00e9s \u00e9ttermekben\/hotelekben\/ bev\u00e1s\u00e1rl\u00f3k\u00f6zpontokban stb. A hagyom\u00e1nyos konnektorokhoz hasonl\u00f3an n\u00e9znek ki, de ak\u00e1r 25KW teljes\u00edtm\u00e9nyt is ny\u00fajthatnak - \u00edgy 30 perc alatt 100-250 m\u00e9rf\u00f6ldet tesznek hozz\u00e1!<\/p>\n<p>B\u00e1r a 3. szint\u0171 t\u00f6lt\u00e9si sebess\u00e9ggel t\u00f6lt\u00f6tt EV-akkumul\u00e1torok hossz\u00fa t\u00e1v\u00fa elhaszn\u00e1l\u00f3d\u00e1sa vitathat\u00f3, a nyilv\u00e1nos t\u00f6lt\u0151\u00e1llom\u00e1sok a 3. szint\u0171 t\u00f6lt\u00e9st rendk\u00edv\u00fcl el\u00e9rhet\u0151v\u00e9 \u00e9s k\u00e9nyelmess\u00e9 teszik a v\u00e1rosban val\u00f3 k\u00f6zleked\u00e9s sor\u00e1n.<\/p>\n<p>A 3. szint\u0171 t\u00f6lt\u0151 otthoni telep\u00edt\u00e9se nem felt\u00e9tlen\u00fcl a leggazdas\u00e1gosabb v\u00e1laszt\u00e1s; egy tipikus telep\u00edt\u00e9s jellemz\u0151en t\u00f6bb ezer doll\u00e1rba ker\u00fcl, olyan t\u00e9nyez\u0151kt\u0151l f\u00fcgg\u0151en, mint a t\u00f6lt\u0151 specifik\u00e1ci\u00f3ja, a fizikai elhelyez\u00e9si k\u00f6vetelm\u00e9nyek \u00e9s az elektromos korszer\u0171s\u00edt\u00e9sek, valamint a helyi kedvezm\u00e9nyes \u00e9s \u00f6szt\u00f6nz\u0151 programok, amelyek a gyorsabb t\u00f6lt\u00e9si sebess\u00e9g r\u00e9v\u00e9n potenci\u00e1lisan kompenz\u00e1lhatj\u00e1k a felmer\u00fcl\u0151 k\u00f6lts\u00e9geket.<\/p>\n<p>B\u00e1r t\u00f6bbf\u00e9le EV-t\u00f6lt\u00e9si t\u00edpus l\u00e9tezik, a Society of Automotive Engineers (SAE) \u00e1ltal meghat\u00e1rozott h\u00e1rom szint tov\u00e1bbra is a legn\u00e9pszer\u0171bb. T\u00f6bbet megtudhat blogunkban, ahol r\u00e9szletesebben elmagyar\u00e1zzuk az EV t\u00f6lt\u00e9si szinteket. F\u00fcggetlen\u00fcl att\u00f3l, hogy melyik t\u00f6lt\u00e9si form\u00e1t v\u00e1lasztja, minden EV-tulajdonosnak fel kell tennie mag\u00e1nak bizonyos kulcsfontoss\u00e1g\u00fa k\u00e9rd\u00e9seket, hogy meghat\u00e1rozhassa az ide\u00e1lis m\u00f3dszert. A felk\u00e9sz\u00fcl\u00e9s r\u00e9szek\u00e9nt aj\u00e1nlott, hogy a j\u00e1rm\u0171vezet\u0151k meg\u00e9rts\u00e9k, hogyan illeszkednek egym\u00e1shoz a k\u00fcl\u00f6nb\u00f6z\u0151 t\u00f6lt\u00e9si lehet\u0151s\u00e9gek, hogy a j\u00e1rm\u0171vezet\u0151k maxim\u00e1lis rugalmass\u00e1got biztos\u00edtsanak mindennapi \u00e9let\u00fck \u00e9s utaz\u00e1si terveik sor\u00e1n. Egyes EV-tulajdonosok ink\u00e1bb otthon vagy az irod\u00e1ban t\u00f6ltik az \u00e9jszakai t\u00f6lt\u00e9st, m\u00edg m\u00e1sok a gyorst\u00f6lt\u0151 \u00e1llom\u00e1sokat v\u00e1lasztj\u00e1k, amikor fontos utaz\u00e1sokat tesznek.<\/p>\n<h2>Gyorst\u00f6lt\u0151k<\/h2>\n<p>Az akkumul\u00e1tort\u00f6lt\u0151k olyan eszk\u00f6z\u00f6k, amelyeket arra haszn\u00e1lnak, hogy az elektromos j\u00e1rm\u0171vek (EV) \u00fajrat\u00f6lthet\u0151 akkumul\u00e1torait nagy t\u00f6lt\u00e9si sebess\u00e9ggel \u00e1rammal l\u00e1ss\u00e1k el. A v\u00e1lt\u00f3\u00e1ramr\u00f3l egyen\u00e1ramra t\u00f6rt\u00e9n\u0151 \u00e1talak\u00edt\u00f3k \u00e1talak\u00edtj\u00e1k a v\u00e1lt\u00f3\u00e1ramot, lehet\u0151v\u00e9 t\u00e9ve az akkumul\u00e1torok gyors felt\u00f6lt\u00e9si idej\u00e9t. K\u00fcl\u00f6nb\u00f6z\u0151 t\u00edpus\u00fa t\u00f6lt\u0151k l\u00e9teznek, amelyeket kifejezetten bizonyos j\u00e1rm\u0171vekhez vagy alkalmaz\u00e1sokhoz terveztek.<\/p>\n<p>Az 1. szint\u0171 t\u00f6lt\u0151k k\u00f6zvetlen\u00fcl a szabv\u00e1nyos 120 V-os konnektorokba csatlakoztathat\u00f3k, \u00e9s 32 \u00f3ra alatt k\u00e9pesek teljesen felt\u00f6lteni az akkumul\u00e1torokat, m\u00edg a 240 V-os 2. szint\u0171 t\u00f6lt\u0151k feleannyi id\u0151 alatt teszik ugyanezt.<\/p>\n<p>A t\u00f6lt\u0151\u00e1llom\u00e1sok teljes\u00edtm\u00e9nye d\u00f6nt\u0151 szerepet j\u00e1tszik abban, hogy mennyi id\u0151 alatt t\u00f6lt\u0151dik fel az \u00faj EV, a nagyobb kW teljes\u00edtm\u00e9ny\u0171 t\u00f6lt\u0151\u00e1llom\u00e1sok gyorsabb t\u00f6lt\u00e9st tesznek lehet\u0151v\u00e9.<\/p>\n<p>A CCS \u00e9s a CHAdeMO k\u00e9t ny\u00edlt szabv\u00e1ny a gyorst\u00f6lt\u00e9sre: h\u00e9t aut\u00f3gy\u00e1rt\u00f3 fejlesztette ki 2014-ben, kezdetben 80 kW-ig terjed\u0151 t\u00e1mogat\u00e1ssal; m\u00edg a CHAdeMO Association 2010-ben adta ki a saj\u00e1tj\u00e1t 50 kW-os t\u00e1mogat\u00e1ssal.<\/p>\n<p>Mind a CHAdeMO, mind a CCS t\u00f6bbf\u00e9le csatlakoz\u00e1st biztos\u00edt a k\u00fcl\u00f6nb\u00f6z\u0151 aut\u00f3k sz\u00e1m\u00e1ra, de a kombin\u00e1lt t\u00f6lt\u0151rendszer (CCS) tov\u00e1bbra is a leghat\u00e9konyabb v\u00e1laszt\u00e1s, k\u00f6sz\u00f6nhet\u0151en az adapt\u00e1lhat\u00f3s\u00e1g\u00e1nak, amely a k\u00fcl\u00f6nb\u00f6z\u0151 j\u00e1rm\u0171vekkel val\u00f3 jobb kompatibilit\u00e1st teszi lehet\u0151v\u00e9; emellett a be\u00e9p\u00edtett egyen\u00e1ram\u00fa-v\u00e1ltakoz\u00f3 \u00e1ram\u00e1talak\u00edt\u00e1si k\u00e9pess\u00e9gei jelent\u0151sen cs\u00f6kkentik a k\u00fcls\u0151 hardverig\u00e9nyeket.<\/p>\n<p>A fed\u00e9lzeti t\u00f6lt\u0151 vez\u00e9rli \u00e9s fel\u00fcgyeli az akkumul\u00e1tor \u00e1ramell\u00e1t\u00e1s\u00e1t, \u00e9rt\u00e9keli annak \u00e1llapot\u00e1t \u00e9s ennek megfelel\u0151en \u00e1ll\u00edtja be az \u00e1ramot. Ezenk\u00edv\u00fcl ez a t\u00f6lt\u0151 figyeli \u00e9s v\u00e9di az akkumul\u00e1tort, kritikus h\u0151m\u00e9rs\u00e9kleten cs\u00f6kkentve a t\u00f6lt\u00e9si sebess\u00e9get.<\/p>\n<p>Az EVgo, az orsz\u00e1g egyik legnagyobb nyilv\u00e1nos gyorst\u00f6lt\u0151 h\u00e1l\u00f3zata ezeket a technol\u00f3gi\u00e1kat haszn\u00e1lja, hogy \u00fcgyfeleinek kiv\u00e9teles gyorst\u00f6lt\u00e9si \u00e9lm\u00e9nyt ny\u00fajtson. \u00c1llom\u00e1saik j\u00f3l megvil\u00e1g\u00edtott parkol\u00f3helyekkel, \u00e1rny\u00e9kot ad\u00f3 el\u0151tet\u0151kkel, az egyes t\u00f6lt\u0151pontokat egy\u00e9rtelm\u0171en azonos\u00edt\u00f3 feliratokkal, valamint egy\u00e9b k\u00e9nyelmi szolg\u00e1ltat\u00e1sokkal, p\u00e9ld\u00e1ul snack-automat\u00e1kkal \u00e9s iv\u00f3kutakkal rendelkeznek.<\/p>\n<p>A munkahelyek egyre gyakrabban fogadnak el elektromos j\u00e1rm\u0171t\u00f6lt\u0151 \u00e1llom\u00e1sokat fenntarthat\u00f3s\u00e1gi kezdem\u00e9nyez\u00e9seik vagy munkav\u00e1llal\u00f3i elk\u00f6telezetts\u00e9gi strat\u00e9gi\u00e1ik r\u00e9szek\u00e9nt, amelyek a sz\u00fcks\u00e9ges k\u00e9nyelmet biztos\u00edtj\u00e1k, mivel nem k\u00e9nyszer\u00edtik a munkav\u00e1llal\u00f3kat arra, hogy munkaid\u0151ben elhagyj\u00e1k j\u00e1rm\u0171v\u00fcket, \u00e9s a nap v\u00e9gezt\u00e9vel azonnal vissza\u00fcljenek egy teljesen felt\u00f6lt\u00f6tt aut\u00f3ba.<\/p>","protected":false},"excerpt":{"rendered":"<p>Similar to charging your phone, there are various methods available to charge an electric vehicle.1 Charger output plays an integral part in charging times. Some drivers opt to install home chargers so they can plug their EV in at night or when at work; others utilize public EV charging stations. Level 1 Electric vehicle charging&hellip;&nbsp;<a href=\"https:\/\/www.lxelectriccars.com\/hu\/az-elektromos-jarmuvek-toltoinek-szintjei\/\" class=\"\" rel=\"bookmark\">Read More &raquo;<span class=\"screen-reader-text\">Elektromos j\u00e1rm\u0171t\u00f6lt\u0151k szintjei<\/span><\/a><\/p>","protected":false},"author":1,"featured_media":0,"comment_status":"closed","ping_status":"open","sticky":false,"template":"","format":"standard","meta":{"_seopress_robots_primary_cat":"none","neve_meta_sidebar":"","neve_meta_container":"","neve_meta_enable_content_width":"","neve_meta_content_width":0,"neve_meta_title_alignment":"","neve_meta_author_avatar":"","neve_post_elements_order":"","neve_meta_disable_header":"","neve_meta_disable_footer":"","neve_meta_disable_title":"","ngg_post_thumbnail":0,"footnotes":""},"categories":[70],"tags":[],"class_list":["post-21","post","type-post","status-publish","format-standard","hentry","category-product-related"],"_links":{"self":[{"href":"https:\/\/www.lxelectriccars.com\/hu\/wp-json\/wp\/v2\/posts\/21","targetHints":{"allow":["GET"]}}],"collection":[{"href":"https:\/\/www.lxelectriccars.com\/hu\/wp-json\/wp\/v2\/posts"}],"about":[{"href":"https:\/\/www.lxelectriccars.com\/hu\/wp-json\/wp\/v2\/types\/post"}],"author":[{"embeddable":true,"href":"https:\/\/www.lxelectriccars.com\/hu\/wp-json\/wp\/v2\/users\/1"}],"replies":[{"embeddable":true,"href":"https:\/\/www.lxelectriccars.com\/hu\/wp-json\/wp\/v2\/comments?post=21"}],"version-history":[{"count":2,"href":"https:\/\/www.lxelectriccars.com\/hu\/wp-json\/wp\/v2\/posts\/21\/revisions"}],"predecessor-version":[{"id":200,"href":"https:\/\/www.lxelectriccars.com\/hu\/wp-json\/wp\/v2\/posts\/21\/revisions\/200"}],"wp:attachment":[{"href":"https:\/\/www.lxelectriccars.com\/hu\/wp-json\/wp\/v2\/media?parent=21"}],"wp:term":[{"taxonomy":"category","embeddable":true,"href":"https:\/\/www.lxelectriccars.com\/hu\/wp-json\/wp\/v2\/categories?post=21"},{"taxonomy":"post_tag","embeddable":true,"href":"https:\/\/www.lxelectriccars.com\/hu\/wp-json\/wp\/v2\/tags?post=21"}],"curies":[{"name":"wp","href":"https:\/\/api.w.org\/{rel}","templated":true}]}}