{"id":23,"date":"2023-05-25T19:13:02","date_gmt":"2023-05-25T11:13:02","guid":{"rendered":"http:\/\/www.lxelectriccars.com\/?p=23"},"modified":"2023-08-27T17:47:13","modified_gmt":"2023-08-27T09:47:13","slug":"az-elektromos-autok-elonyei","status":"publish","type":"post","link":"https:\/\/www.lxelectriccars.com\/hu\/az-elektromos-autok-elonyei\/","title":{"rendered":"Az elektromos aut\u00f3k el\u0151nyei"},"content":{"rendered":"<p>A g\u00e1z\u00fczem\u0171 aut\u00f3k m\u00e1r r\u00e9g\u00f3ta uralj\u00e1k az utakat. Az auton\u00f3m technol\u00f3gia \u00e9s az akkumul\u00e1torok hat\u00f3t\u00e1vols\u00e1g\u00e1nak fejl\u0151d\u00e9s\u00e9nek k\u00f6sz\u00f6nhet\u0151en az elektromos j\u00e1rm\u0171vek ma m\u00e1r a mainstream kult\u00fara r\u00e9szei.<\/p>\n<p>A legolcs\u00f3bb Tesla-modell kevesebb mint 40 000 PS-ba ker\u00fcl, \u00e9s ak\u00e1r 247 m\u00e9rf\u00f6ldes hat\u00f3t\u00e1vols\u00e1got k\u00edn\u00e1l egy t\u00f6lt\u00e9ssel, valamint olyan pr\u00e9mium funkci\u00f3kat, mint a Bang &amp; Olufsen 10 hangsz\u00f3r\u00f3s hangrendszer \u00e9s a Blue Cruise k\u00e9z n\u00e9lk\u00fcli aut\u00f3p\u00e1lya-vezet\u00e9s.<\/p>\n<h2>K\u00f6rnyezetbar\u00e1tok<\/h2>\n<p>A hagyom\u00e1nyos aut\u00f3k bels\u0151 \u00e9g\u00e9s\u0171 motorokra \u00e9p\u00fclnek, amelyek vezet\u00e9s k\u00f6zben sz\u00e9n-dioxidot bocs\u00e1tanak ki; az elektromos j\u00e1rm\u0171vek (EV-k) egy vagy t\u00f6bb elektromos motort haszn\u00e1lnak, amelyeket az okostelefonokban \u00e9s laptopokban tal\u00e1lhat\u00f3 akkumul\u00e1torokhoz hasonl\u00f3, \u00fajrat\u00f6lthet\u0151 l\u00edtium-ion akkumul\u00e1torok t\u00e1pl\u00e1lnak. K\u00fcls\u0151 felt\u00f6lt\u00e9s\u00fck egyszer\u0171; r\u00e1ad\u00e1sul hat\u00e9konyabban m\u0171k\u00f6dnek, mint az \u00fczemanyaggal m\u0171k\u00f6d\u0151 motorok - 8-10 \u00e9vig b\u00edrj\u00e1k, miel\u0151tt cser\u00e9re szoruln\u00e1nak -, \u00edgy az EV-k a k\u00f6rnyezettudatos vezet\u0151k legjobb v\u00e1laszt\u00e1sa!<\/p>\n<p>Megjegyzend\u0151 azonban, hogy az elektromos j\u00e1rm\u0171vek (EV-k) a gy\u00e1rt\u00e1si \u00e9s t\u00f6lt\u00e9si folyamatok sor\u00e1n tov\u00e1bbra is kibocs\u00e1t\u00e1st okoznak. Ennek oka, hogy az akkumul\u00e1torok gy\u00e1rt\u00e1sa energiaig\u00e9nyes, \u00e9s ennek egyik legnagyobb forr\u00e1sa a CO2. A kibocs\u00e1t\u00e1si ar\u00e1nyok att\u00f3l f\u00fcggnek, hogy az akkumul\u00e1torok hol k\u00e9sz\u00fclnek a gy\u00e1rt\u00f3 orsz\u00e1g \u00e9s az \u00e1ramforr\u00e1s f\u00fcggv\u00e9ny\u00e9ben - p\u00e9ld\u00e1ul egy meg\u00fajul\u00f3 energiaforr\u00e1sokat haszn\u00e1l\u00f3, energiahat\u00e9kony gigagy\u00e1rban gy\u00e1rtott akkumul\u00e1tor l\u00e9nyegesen kevesebb k\u00e1rosanyag-kibocs\u00e1t\u00e1st fog okozni, mint egy r\u00e9gebbi gy\u00e1rakban fosszilis t\u00fczel\u0151anyagok felhaszn\u00e1l\u00e1s\u00e1val k\u00e9sz\u00fclt akkumul\u00e1tor.<\/p>\n<p>Az elektromos j\u00e1rm\u0171 k\u00f6rnyezeti terhel\u00e9s\u00e9nek cs\u00f6kkent\u00e9s\u00e9nek egyik m\u00f3dja, ha olyan m\u00e1rkakeresked\u0151n\u00e9l v\u00e1s\u00e1rolja meg, amely k\u00f6rnyezetbar\u00e1t programmal rendelkezik, p\u00e9ld\u00e1ul ingyenes olajcser\u00e9t vagy karbantart\u00e1si szolg\u00e1ltat\u00e1sokat k\u00edn\u00e1l. Fontolja meg azt is, hogy olyan gy\u00e1rt\u00f3kt\u00f3l v\u00e1s\u00e1roljon, amelyek a j\u00e1rm\u0171vek gy\u00e1rt\u00e1sa sor\u00e1n \u00fajrahasznos\u00edtott alkatr\u00e9szekkel hangs\u00falyozz\u00e1k a fenntarthat\u00f3s\u00e1got.<\/p>\n<p>A k\u00f6rnyezetbar\u00e1t elektromos j\u00e1rm\u0171vek (EV-k) olyan j\u00e1rm\u0171vek, amelyek meg\u00fajul\u00f3 forr\u00e1sokb\u00f3l, p\u00e9ld\u00e1ul sz\u00e9l- vagy napenergi\u00e1b\u00f3l sz\u00e1rmaz\u00f3 villamos energi\u00e1val t\u00f6lthet\u0151k fel, jelent\u0151sen cs\u00f6kkentve ezzel a sz\u00e9n-dioxid-kibocs\u00e1t\u00e1st. Egyesek m\u00e9g hidrog\u00e9n \u00fczemanyagcell\u00e1s technol\u00f3gi\u00e1val is rendelkeznek az \u00fczemanyagcell\u00e1s k\u00e9pess\u00e9g \u00e9rdek\u00e9ben!<\/p>\n<p>Az elektromos aut\u00f3k nem haszn\u00e1lnak k\u00e1ros motorolajat, fagy\u00e1ll\u00f3 folyad\u00e9kot \u00e9s f\u00e9kfolyad\u00e9kot, amelyek v\u00e9g\u00fcl vesz\u00e9lyes vegyi anyagokkal szennyezik a v\u00edzi \u00e9letet k\u00e1ros\u00edt\u00f3 v\u00edzfoly\u00e1sokat. Tov\u00e1bb\u00e1 az ilyen j\u00e1rm\u0171vek \u00e1ltal haszn\u00e1lt l\u00edtium-ion akkumul\u00e1torok h\u0171t\u0151folyad\u00e9kai kev\u00e9sb\u00e9 vesz\u00e9lyesek, mint a hagyom\u00e1nyos aut\u00f3folyad\u00e9kok; egyes kutat\u00f3k m\u00e9g a haszn\u00e1lt akkumul\u00e1torok teljes \u00fajrahasznos\u00edt\u00e1s\u00e1ra is kifejlesztettek m\u00f3dszereket, tov\u00e1bb cs\u00f6kkentve ezzel a k\u00f6rnyezeti l\u00e1bnyomot.<\/p>\n<h2>K\u00e9nyelmesen vezethet\u0151k<\/h2>\n<p>Az elektromos aut\u00f3k sz\u00e1mos el\u0151nyt k\u00edn\u00e1lnak a j\u00e1rm\u0171vezet\u0151k sz\u00e1m\u00e1ra. Sima \u00e9s csendes vezet\u00e9s\u00fcknek k\u00f6sz\u00f6nhet\u0151en rendk\u00edv\u00fcl pihentet\u0151 az \u00fczemeltet\u00e9s\u00fck, m\u00edg k\u00f6rnyezetv\u00e9delmi el\u0151nyeik a benzin\u00fczem\u0171 modellekhez k\u00e9pest alacsonyabb karbantart\u00e1si k\u00f6lts\u00e9geik mellett sz\u00f3lnak; nem kell ken\u00e9st vagy k\u00f6lts\u00e9ges motormunk\u00e1t v\u00e9gezni, \u00edgy id\u0151t \u00e9s p\u00e9nzt takar\u00edtanak meg a fenntart\u00e1si k\u00f6lts\u00e9geken. Ezenk\u00edv\u00fcl az EV-k nem j\u00e1rulnak hozz\u00e1 a kipufog\u00f3g\u00e1z-kibocs\u00e1t\u00e1shoz, amely jelent\u0151sen hozz\u00e1j\u00e1rul a v\u00e1rosi szennyez\u00e9s szintj\u00e9hez szerte Amerik\u00e1ban.<\/p>\n<p>A legt\u00f6bb \u00e1llam \u00f6szt\u00f6nz\u0151ket biztos\u00edt, hogy megk\u00f6nny\u00edtse az elektromos j\u00e1rm\u0171vekre val\u00f3 \u00e1t\u00e1ll\u00e1st, p\u00e9ld\u00e1ul visszat\u00e9r\u00edt\u00e9seket, kedvezm\u00e9nyeket vagy mentess\u00e9get a regisztr\u00e1ci\u00f3s \u00e9s \u00e9ves d\u00edjak al\u00f3l. Az elektromos j\u00e1rm\u0171vek sz\u00f6vets\u00e9gi ad\u00f3j\u00f3v\u00e1\u00edr\u00e1sra is jogosultak lehetnek, ami jelent\u0151sen cs\u00f6kkentheti a kezdeti beszerz\u00e9si \u00e1rakat - n\u00e9zzen ut\u00e1na, hogy az \u00d6n r\u00e9gi\u00f3j\u00e1ban l\u00e9tezik-e ilyen program!<\/p>\n<p>Sok elektromos aut\u00f3 rendelkezik \u00fatmenti seg\u00edts\u00e9gny\u00fajt\u00e1si szolg\u00e1ltat\u00e1ssal. Ha lemer\u00fcl az akkumul\u00e1tor, ezek hazavontatj\u00e1k \u00d6nt, vagy sz\u00fcks\u00e9g eset\u00e9n egy t\u00f6lt\u0151\u00e1llom\u00e1sra. E szolg\u00e1ltat\u00e1sok egyes szolg\u00e1ltat\u00f3i k\u00f6z\u00e9 tartoznak a j\u00e1rm\u0171gy\u00e1rt\u00f3k vagy a biztos\u00edt\u00f3k, m\u00edg m\u00e1sok harmadik felek lehetnek; b\u00f6lcsen teszi, ha megn\u00e9zi az EV-je garanci\u00e1j\u00e1t vagy haszn\u00e1lati utas\u00edt\u00e1s\u00e1t, hogy megtudja, milyen fedezet \u00e1ll rendelkez\u00e9sre.<\/p>\n<p>Az elektromos j\u00e1rm\u0171vek egy m\u00e1sik egyed\u00fcl\u00e1ll\u00f3 el\u0151nyt is k\u00edn\u00e1lnak a hagyom\u00e1nyos aut\u00f3kkal szemben, mivel nem bocs\u00e1tanak ki m\u00e9rgez\u0151 g\u00e1zokat \u00e9s f\u00fcst\u00f6t, amelyek hozz\u00e1j\u00e1rulnak az amerikai l\u00e9gszennyez\u00e9shez, ami k\u00fcl\u00f6n\u00f6sen \u00e9rt\u00e9kesnek bizonyul a v\u00e1rosi k\u00f6rnyezetben, ahol a leveg\u0151min\u0151s\u00e9g szintje m\u00e1r el\u00e9rte a vesz\u00e9lyesen magas szintet.<\/p>\n<p>A Tesla Model 3 EV-k gyorsan a piac egyik legkeresettebb elektromos j\u00e1rm\u0171v\u00e9v\u00e9 v\u00e1ltak a hossz\u00fa hat\u00f3t\u00e1vols\u00e1guknak \u00e9s versenyk\u00e9pes \u00e1raz\u00e1suknak, kiv\u00e1l\u00f3 \u00e9p\u00edt\u00e9si min\u0151s\u00e9g\u00fcknek \u00e9s leny\u0171g\u00f6z\u0151 menetdinamik\u00e1juknak k\u00f6sz\u00f6nhet\u0151en. M\u00e1s, kev\u00e9sb\u00e9 f\u00e9ny\u0171z\u0151 EV-k m\u00e9g mindig kiemelked\u0151 teljes\u00edtm\u00e9nyt ny\u00fajtanak.<\/p>\n<p>A plug-in hibrid elektromos j\u00e1rm\u0171vek (PHEV) egy elektromos motort \u00e9s egy kis bels\u0151\u00e9g\u00e9s\u0171 motort kombin\u00e1lnak, hogy sz\u00fcks\u00e9g eset\u00e9n megn\u00f6velj\u00e9k a teljes\u00edtm\u00e9nyt, \u00edgy a felhaszn\u00e1l\u00f3knak hat\u00e9konys\u00e1got \u00e9s k\u00e9nyelmet k\u00edn\u00e1lnak, de nem kell teljesen elektromos aut\u00f3t haszn\u00e1lniuk. Regenerat\u00edv f\u00e9krendszer\u00fck olyan energi\u00e1t von el, amely m\u00e1sk\u00fcl\u00f6nben elveszne, \u00e9s ezzel hozz\u00e1j\u00e1rul a hat\u00f3t\u00e1vols\u00e1g meghosszabb\u00edt\u00e1s\u00e1hoz.<\/p>\n<h2>Megfizethet\u0151ek<\/h2>\n<p>Aut\u00f3v\u00e1s\u00e1rl\u00e1skor sok mindent szem el\u0151tt kell tartani a v\u00e1s\u00e1rl\u00e1si d\u00f6nt\u00e9s meghozatalakor. K\u00e9t els\u0151dleges szempont az, hogy mennyi benzint fog k\u00f6lteni a szivatty\u00fan\u00e1l, \u00e9s az \u00d6n ig\u00e9nyei; ha az elektromos j\u00e1rm\u0171veket r\u00e9szes\u00edti el\u0151nyben, sz\u00e1mos megfizethet\u0151 modell l\u00e9tezik leny\u0171g\u00f6z\u0151 val\u00f3s hat\u00f3t\u00e1vols\u00e1ggal - mint p\u00e9ld\u00e1ul a Kia Niro EV, amely k\u00e9nyelmes bels\u0151 t\u00e9rrel \u00e9s az alapfelszerelts\u00e9gek hossz\u00fa list\u00e1j\u00e1val, valamint kiv\u00e1l\u00f3 garanci\u00e1val \u00e9s versenyk\u00e9pes \u00e1rral rendelkezik; a Chevrolet Bolt EV, amely vonz\u00f3 diz\u00e1jnnal \u00e9s leny\u0171g\u00f6z\u0151 teljes\u00edtm\u00e9nnyel b\u00fcszk\u00e9lkedhet (az Edmunds val\u00f3s hat\u00f3t\u00e1vols\u00e1gi tesztj\u00e9ben 315 m\u00e9rf\u00f6ldet tett meg), sz\u00f3rakoztat\u00f3, m\u00e9gis praktikus alternat\u00edv\u00e1t jelent a hagyom\u00e1nyos g\u00e1z\u00fczem\u0171 modellekhez k\u00e9pest.<\/p>\n<p>Az elektromos aut\u00f3k egyre megfizethet\u0151bb\u00e9 v\u00e1lnak, ahogy az akkumul\u00e1tor-technol\u00f3gia fejl\u0151dik, \u00e9s a gy\u00e1rt\u00f3k egyre nagyobb hat\u00f3t\u00e1vols\u00e1g\u00fa j\u00e1rm\u0171veket gy\u00e1rtanak. Csak j\u00faliusban az \u00e1tlagos indul\u00f3 \u00e1r $30 000 alatt volt. Ez a sz\u00e1m messze meghaladta egyes aut\u00f3s rekl\u00e1mok $55,000-es matric\u00e1s \u00e1r\u00e1t; nem is besz\u00e9lve a tov\u00e1bbi $7,500-as sz\u00f6vets\u00e9gi ad\u00f3j\u00f3v\u00e1\u00edr\u00e1sr\u00f3l, amely az EV-v\u00e1s\u00e1rl\u00f3k sz\u00e1m\u00e1ra el\u00e9rhet\u0151!<\/p>\n<p>Lehet, hogy az elektromos aut\u00f3k kevesebbe ker\u00fclnek, mint a benzin\u00fczem\u0171ek, de m\u00e9g mindig rendszeres karbantart\u00e1st ig\u00e9nyelnek, hogy kicser\u00e9lj\u00e9k az olyan fogy\u00f3eszk\u00f6z\u00f6ket, mint az ablakt\u00f6rl\u0151folyad\u00e9k \u00e9s az utast\u00e9ri leveg\u0151sz\u0171r\u0151, megjav\u00edts\u00e1k a regenerat\u00edv f\u00e9krendszereket \u00e9s karbantartj\u00e1k a h\u0171t\u0151rendszereket. Mivel az elektromos aut\u00f3k sokkal kevesebb mozg\u00f3 alkatr\u00e9szt haszn\u00e1lnak, \u00e9s nem rendelkeznek kipufog\u00f3cs\u00f6vekkel, karbantart\u00e1si ig\u00e9nyeik \u00e1ltal\u00e1ban jelent\u0151sen cs\u00f6kkennek.<\/p>\n<p>Az elektromos j\u00e1rm\u0171vek gyors t\u00f6lt\u0151kh\u00f6z val\u00f3 hozz\u00e1f\u00e9r\u00e9st ig\u00e9nyelnek, hogy gyorsan vissza\u00e1ll\u00edts\u00e1k akkumul\u00e1toraik teljes kapacit\u00e1s\u00e1t, b\u00e1r egyre t\u00f6bb t\u00f6lt\u0151\u00e1llom\u00e1s jelenik meg orsz\u00e1gszerte, \u00e9s a gyorsabb, 2. szint\u0171 t\u00f6lt\u0151k, amelyek minden plug-in j\u00e1rm\u0171vel m\u0171k\u00f6dnek, mind\u00f6ssze 30 percen bel\u00fcl k\u00e9pesek erre.<\/p>\n<p>A megfizethet\u0151s\u00e9g azonban tov\u00e1bbra is kulcsfontoss\u00e1g\u00fa akad\u00e1lya az elektromos aut\u00f3k sz\u00e9les k\u00f6r\u0171 elterjed\u00e9s\u00e9nek. A sz\u00e1mos viszonylag megfizethet\u0151 \u00faj elektromos j\u00e1rm\u0171nek \u00e9s Biden eln\u00f6k $7,500 elektromos j\u00e1rm\u0171ad\u00f3-hitel\u00e9nek \u00fajb\u00f3li enged\u00e9lyez\u00e9s\u00e9nek k\u00f6sz\u00f6nhet\u0151en azonban ez az akad\u00e1ly hamarosan kezdhet leomlani; id\u0151vel az elektromos j\u00e1rm\u0171vek kezdeti k\u00f6lts\u00e9gei a benzin\u00fczem\u0171 j\u00e1rm\u0171vekkel \u00f6sszehasonl\u00edthat\u00f3v\u00e1 v\u00e1lhatnak.<\/p>\n<h2>Biztons\u00e1gosak<\/h2>\n<p>Az elektromos aut\u00f3k els\u0151re nem t\u0171nhetnek biztons\u00e1gosnak, de val\u00f3j\u00e1ban sokkal nagyobb biztons\u00e1got ny\u00fajtanak, mint a benzin\u00fczem\u0171 j\u00e1rm\u0171vek. Az elektromos aut\u00f3k nem termelnek kipufog\u00f3g\u00e1z-szennyez\u00e9st, \u00e9s a gumiabroncsok \u00e9s f\u00e9kek kop\u00e1sa miatt l\u00e9nyegesen kevesebb r\u00e9szecsk\u00e9t bocs\u00e1tanak ki, r\u00e1ad\u00e1sul nem ig\u00e9nyelnek annyi karbantart\u00e1st, mint a hagyom\u00e1nyos modellek.<\/p>\n<p>Az EV-k abban k\u00fcl\u00f6nb\u00f6znek a hagyom\u00e1nyos motorokt\u00f3l, hogy mechanikus motorok \u00e9s g\u00e1ztart\u00e1lyok helyett kiz\u00e1r\u00f3lag akkumul\u00e1torokb\u00f3l sz\u00e1rmaz\u00f3 elektromos energi\u00e1ra t\u00e1maszkodnak. Ehelyett az EV egy akkumul\u00e1torok \u00e1ltal t\u00e1pl\u00e1lt elektromos motorra t\u00e1maszkodik, amely regenerat\u00edv f\u00e9krendszerrel rendelkezik, amely a kigurul\u00e1s vagy lass\u00edt\u00e1s sor\u00e1n elveszett energi\u00e1t hasznos\u00edtja, \u00e9s cs\u00f6kkenti a benzinmotorokt\u00f3l val\u00f3 f\u00fcgg\u0151s\u00e9get, mik\u00f6zben seg\u00edt a j\u00e1rm\u0171nek elker\u00fclni az olajcser\u00e9t.<\/p>\n<p>Az elektromos j\u00e1rm\u0171vek (EV-k) alacsony t\u00f6megk\u00f6z\u00e9pponttal rendelkeznek, ez\u00e9rt kisebb a val\u00f3sz\u00edn\u0171s\u00e9ge, hogy balesetben felborulnak. Tov\u00e1bb\u00e1, mivel az EV-knek nincs sz\u00fcks\u00e9g\u00fck nagy mechanikus motorokra, mint a hagyom\u00e1nyos aut\u00f3knak, k\u00f6nnyebb s\u00falyuk miatt k\u00f6nnyebben kezelhet\u0151ek \u00e9s \u00e9lvezetesebb vezet\u00e9si \u00e9lm\u00e9nyt ny\u00fajtanak.<\/p>\n<p>Az elektromos j\u00e1rm\u0171vek (EV-k) olyan \u00e9lvonalbeli vezet\u0151t\u00e1mogat\u00f3 funkci\u00f3kkal vannak felszerelve, amelyek seg\u00edtenek megel\u0151zni az emberi hiba okozta baleseteket, bele\u00e9rtve az el\u0151remen\u0151 \u00fctk\u00f6z\u00e9sre figyelmeztet\u0151, a s\u00e1velhagy\u00e1sra figyelmeztet\u0151, az adapt\u00edv sebess\u00e9gtart\u00f3 automatik\u00e1t \u00e9s az adapt\u00edv sebess\u00e9gkorl\u00e1toz\u00f3 technol\u00f3gi\u00e1kat. Ezek a funkci\u00f3k m\u00e1r bizony\u00edtott\u00e1k, hogy seg\u00edtenek elker\u00fclni az aut\u00f3baleseteket \u00e9s \u00e9leteket menteni.<\/p>\n<p>Az elektromos j\u00e1rm\u0171vek jellemz\u0151en fejlettebb l\u00e9gzs\u00e1kok elhelyez\u00e9s\u00e9vel \u00e9s kialak\u00edt\u00e1s\u00e1val rendelkeznek, amelyek fokozott v\u00e9delmet ny\u00fajtanak mindenf\u00e9le \u00fctk\u00f6z\u00e9s eset\u00e9n. A 2011 \u00e9s 2019 k\u00f6z\u00f6tti id\u0151szakra vonatkoz\u00f3 biztos\u00edt\u00e1si adatok szerint az elektromos aut\u00f3kban utaz\u00f3kra vonatkoz\u00f3 k\u00e1rig\u00e9nyek t\u00f6bb mint 40%-tel alacsonyabbak voltak, mint a hagyom\u00e1nyos aut\u00f3kban utaz\u00f3kra vonatkoz\u00f3 k\u00e1rig\u00e9nyek.<\/p>\n<p>B\u00e1r az elektromos aut\u00f3k sz\u00e1mos el\u0151nnyel j\u00e1rnak, a jelenlegi gener\u00e1ci\u00f3kkal kapcsolatban m\u00e9g mindig van n\u00e9h\u00e1ny h\u00e1tr\u00e1ny. Az els\u0151 probl\u00e9ma a t\u00fal nagy s\u00falyuk, amely a hagyom\u00e1nyos motorokn\u00e1l nagyobb t\u00f6meg\u0171 akkumul\u00e1toroknak k\u00f6sz\u00f6nhet\u0151 - ez azonban nem felt\u00e9tlen\u00fcl tekinthet\u0151 h\u00e1tr\u00e1nyos tulajdons\u00e1gnak, mivel a neh\u00e9z akkumul\u00e1torok hat\u00e9konyabban nyelik el az \u00fct\u00e9seket.<\/p>\n<p>Az elektromos j\u00e1rm\u0171vek t\u00fczeivel kapcsolatos aggodalmak az\u00e9rt mer\u00fclnek fel, mert a nagyfesz\u00fclts\u00e9g\u0171 akkumul\u00e1torok t\u00falmeleged\u00e9sre \u00e9s olvad\u00e1sra hajlamosabbak, mint benzines t\u00e1rsaik; ez a kock\u00e1zat azonban jelent\u0151sen cs\u00f6kkenthet\u0151, mivel az elektromos j\u00e1rm\u0171vek be\u00e9p\u00edtett biztons\u00e1gi berendez\u00e9sekkel vannak felszerelve, amelyek c\u00e9lja a t\u00fczek vagy robban\u00e1sok megel\u0151z\u00e9se.<\/p>\n<p><img loading=\"lazy\" decoding=\"async\" class=\"alignnone size-full wp-image-107\" src=\"http:\/\/www.lxelectriccars.com\/wp-content\/uploads\/2023\/05\/electric-car.jpg\" alt=\"elektromos aut\u00f3\" width=\"425\" height=\"411\" srcset=\"https:\/\/www.lxelectriccars.com\/wp-content\/uploads\/2023\/05\/electric-car.jpg 425w, https:\/\/www.lxelectriccars.com\/wp-content\/uploads\/2023\/05\/electric-car-300x290.jpg 300w\" sizes=\"auto, (max-width: 425px) 100vw, 425px\" \/><\/p>","protected":false},"excerpt":{"rendered":"<p>Gas-powered cars have long dominated the roadways. Thanks to advances in autonomous technology and battery range, electric vehicles are now part of mainstream culture. The least-expensive Tesla model costs less than PS40,000 and offers up to 247 miles of range per charge, as well as premium features such as Bang &amp; Olufsen 10 speaker sound&hellip;&nbsp;<a href=\"https:\/\/www.lxelectriccars.com\/hu\/az-elektromos-autok-elonyei\/\" class=\"\" rel=\"bookmark\">Read More &raquo;<span class=\"screen-reader-text\">Az elektromos aut\u00f3k el\u0151nyei<\/span><\/a><\/p>","protected":false},"author":1,"featured_media":0,"comment_status":"closed","ping_status":"open","sticky":false,"template":"","format":"standard","meta":{"_seopress_robots_primary_cat":"none","neve_meta_sidebar":"","neve_meta_container":"","neve_meta_enable_content_width":"","neve_meta_content_width":0,"neve_meta_title_alignment":"","neve_meta_author_avatar":"","neve_post_elements_order":"","neve_meta_disable_header":"","neve_meta_disable_footer":"","neve_meta_disable_title":"","ngg_post_thumbnail":0,"footnotes":""},"categories":[70],"tags":[],"class_list":["post-23","post","type-post","status-publish","format-standard","hentry","category-product-related"],"_links":{"self":[{"href":"https:\/\/www.lxelectriccars.com\/hu\/wp-json\/wp\/v2\/posts\/23","targetHints":{"allow":["GET"]}}],"collection":[{"href":"https:\/\/www.lxelectriccars.com\/hu\/wp-json\/wp\/v2\/posts"}],"about":[{"href":"https:\/\/www.lxelectriccars.com\/hu\/wp-json\/wp\/v2\/types\/post"}],"author":[{"embeddable":true,"href":"https:\/\/www.lxelectriccars.com\/hu\/wp-json\/wp\/v2\/users\/1"}],"replies":[{"embeddable":true,"href":"https:\/\/www.lxelectriccars.com\/hu\/wp-json\/wp\/v2\/comments?post=23"}],"version-history":[{"count":4,"href":"https:\/\/www.lxelectriccars.com\/hu\/wp-json\/wp\/v2\/posts\/23\/revisions"}],"predecessor-version":[{"id":199,"href":"https:\/\/www.lxelectriccars.com\/hu\/wp-json\/wp\/v2\/posts\/23\/revisions\/199"}],"wp:attachment":[{"href":"https:\/\/www.lxelectriccars.com\/hu\/wp-json\/wp\/v2\/media?parent=23"}],"wp:term":[{"taxonomy":"category","embeddable":true,"href":"https:\/\/www.lxelectriccars.com\/hu\/wp-json\/wp\/v2\/categories?post=23"},{"taxonomy":"post_tag","embeddable":true,"href":"https:\/\/www.lxelectriccars.com\/hu\/wp-json\/wp\/v2\/tags?post=23"}],"curies":[{"name":"wp","href":"https:\/\/api.w.org\/{rel}","templated":true}]}}